{"id":4679,"date":"2024-09-09T11:33:19","date_gmt":"2024-09-09T16:33:19","guid":{"rendered":"https:\/\/www.risksint.com\/?p=4679"},"modified":"2024-09-09T11:33:21","modified_gmt":"2024-09-09T16:33:21","slug":"compromiso-del-gobierno-con-el-sector-del-transporte-de-carga-y-pasajeros","status":"publish","type":"post","link":"https:\/\/www.risksint.com\/en\/risks-international\/compromiso-del-gobierno-con-el-sector-del-transporte-de-carga-y-pasajeros\/","title":{"rendered":"Compromiso del Gobierno con el sector del transporte de carga y pasajeros:"},"content":{"rendered":"<p>Desde el 1 de septiembre de 2024, el pa\u00eds fue testigo de una serie de protestas lideradas por los transportadores, quienes manifestaron su descontento ante el incremento del precio del ACPM. Estas manifestaciones culminaron en un acuerdo firmado el 6 de septiembre de 2024, en el que participaron el Ministerio de Transporte, la Superintendencia de Transporte, y los Ministerios de Hacienda, Trabajo, Minas y Energ\u00eda, y del Interior, con el acompa\u00f1amiento de la Defensor\u00eda del Pueblo y la Procuradur\u00eda General de la Naci\u00f3n.<\/p>\n\n\n\n<p>El reciente acuerdo firmado entre el Gobierno Nacional de Colombia y las bases del <a href=\"https:\/\/www.risksint.com\/en\/siplaft\/siplaft-en-el-sector-transporte-que-es-y-cual-es-su-importancia\/\">transporte<\/a> de carga y pasajeros representa un hito significativo en la historia del sector. Este compromiso, surgido en el contexto de las protestas por el alza del precio del combustible tipo Diesel (ACPM), refleja un esfuerzo conjunto para abordar las problem\u00e1ticas y necesidades de los transportadores.<\/p>\n\n\n\n<h3 class=\"wp-block-heading\" id=\"h-puntos-clave-del-acuerdo\"><strong>Puntos clave del acuerdo:<\/strong><\/h3>\n\n\n\n<p>A continuaci\u00f3n, se detallan algunos de los puntos clave que buscan resolver las tensiones y mejorar las condiciones del sector:<\/p>\n\n\n\n<ul class=\"wp-block-list\">\n<li><strong>Suspensi\u00f3n de procesos penales y sanciones:<\/strong> Se solicitar\u00e1 el archivo de los procesos penales y la cancelaci\u00f3n de sanciones administrativas impuestas durante las protestas, garantizando el derecho leg\u00edtimo a la protesta.<\/li>\n\n\n\n<li><strong>Modificaci\u00f3n del incremento del ACPM:<\/strong> El acuerdo establece un incremento de 800 pesos en el costo del gal\u00f3n de ACPM, dividido en dos fases: 400 pesos a partir de la modificaci\u00f3n de la resoluci\u00f3n 40350 y 400 pesos adicionales desde el 1 de diciembre de 2024.<\/li>\n\n\n\n<li><strong>Suspensi\u00f3n de alzas adicionales:<\/strong> Se suspender\u00e1n las alzas adicionales del combustible hasta que se logren transformaciones estructurales en las relaciones econ\u00f3micas del transporte de carga y pasajeros.<\/li>\n\n\n\n<li><strong>Mesas t\u00e9cnicas: <\/strong>Se convocar\u00e1n mesas t\u00e9cnicas en un plazo no mayor a 8 d\u00edas para estructurar el sistema de costos eficientes (SiceTAC) para otros prestadores del servicio p\u00fablico de transporte de carga.<\/li>\n\n\n\n<li><strong>Inclusi\u00f3n en el SiceTAC:<\/strong> El Ministerio de Transporte garantizar\u00e1 la inclusi\u00f3n de todos los actores en las discusiones referentes al SiceTAC, asegurando una mayor transparencia y equidad en la regulaci\u00f3n de tarifas y costos.<\/li>\n\n\n\n<li><strong>Reforma laboral:<\/strong> El Ministerio de Trabajo se compromete a incluir en la reforma laboral un art\u00edculo especial para el sector transportador, abordando las necesidades planteadas por los representantes de los conductores.<\/li>\n\n\n\n<li><strong>Revisi\u00f3n del RNDC y SiceTAC:<\/strong> Se revisar\u00e1 la regulaci\u00f3n actual del Registro Nacional de Carga (RNDC) y el SiceTAC para implementar mejoras, como la funci\u00f3n del Manifiesto de Carga como t\u00edtulo valor.<\/li>\n\n\n\n<li><strong>Fortalecimiento de la Superintendencia de Transporte:<\/strong> Se continuar\u00e1 con la estrategia de fortalecimiento de la Superintendencia de Transporte para mejorar el control del SiceTAC y otras normativas econ\u00f3micas.<\/li>\n\n\n\n<li><strong>Proyecto de Ley del R\u00e9gimen Sancionatorio:<\/strong> Se presentar\u00e1 en el Congreso de la Rep\u00fablica el proyecto de Ley del R\u00e9gimen Sancionatorio del sector transporte.<\/li>\n\n\n\n<li><strong>Revisi\u00f3n de la f\u00f3rmula del precio del combustible:<\/strong> Se generar\u00e1 una mesa de trabajo para analizar la f\u00f3rmula del precio del combustible, con participaci\u00f3n de los gremios transportadores.<\/li>\n<\/ul>\n\n\n\n<p>Este acuerdo no s\u00f3lo pone fin a las protestas y bloqueos que paralizaron el pa\u00eds, sino que tambi\u00e9n sienta las bases para una transformaci\u00f3n estructural del sector. La inclusi\u00f3n de todos los actores en las discusiones y la creaci\u00f3n de mesas t\u00e9cnicas son pasos cruciales para asegurar una regulaci\u00f3n justa y equitativa.<\/p>\n\n\n\n<p>El compromiso del Gobierno de Colombia con los transportadores es un ejemplo de c\u00f3mo el di\u00e1logo y la negociaci\u00f3n pueden conducir a soluciones que beneficien a todas las partes involucradas. Este acuerdo es un paso hacia la estabilidad y el desarrollo sostenible del s<a href=\"https:\/\/www.risksint.com\/en\/lavado-de-activos\/prevencion-del-la-ft-en-el-sector-transporte-senales-de-alerta-criticas\/\">ector transporte<\/a> en el pa\u00eds.<\/p>\n\n\n\n<p>No podemos olvidar que la corrupci\u00f3n p\u00fablica puede desencadenar una serie de consecuencias negativas que afectan directamente a la ciudadan\u00eda. Entre estas se encuentran el aumento en los precios de los combustibles, la proliferaci\u00f3n de paros y huelgas, el incremento de impuestos, y la implementaci\u00f3n de reformas tributarias y otras medidas adicionales. La <a href=\"https:\/\/www.risksint.com\/en\/anticorrupcion\/la-importancia-de-la-etica-y-la-transparencia-en-colombia\/\">transparencia<\/a> y la integridad en la gesti\u00f3n p\u00fablica son fundamentales para evitar estos problemas y garantizar un desarrollo sostenible y equitativo para todos.<\/p>\n\n\n\n<p><a href=\"https:\/\/www.risksint.com\/en\/\"><strong>\u00a1Un\u00e1monos por un pa\u00eds m\u00e1s justo y transparente!<\/strong><\/a><\/p>\n\n\n\n<p>Redacci\u00f3n: <a href=\"https:\/\/www.linkedin.com\/in\/luisa-caicedo-341847285\/\">Luisa Caicedo<\/a><\/p>\n\n\n\n<p>Fuente: <a href=\"https:\/\/mintransporte.gov.co\/publicaciones\/11814\/gobierno-nacional-llego-a-acuerdo-con-las-bases-del-transporte-de-carga-y-pasajeros-para-poner-fin-a-las-manifestaciones\/\">Acta de compromiso entre el gobierno nacional y las bases del transporte de carga y pasajeros<\/a><\/p>\n\n\n\n<figure class=\"wp-block-embed is-type-wp-embed is-provider-expertos-en-gesti-n-de-riesgos-y-debida-diligencia-laft-risks-international wp-block-embed-expertos-en-gesti-n-de-riesgos-y-debida-diligencia-laft-risks-international\"><div class=\"wp-block-embed__wrapper\">\n<blockquote class=\"wp-embedded-content\" data-secret=\"EIuLyCPQBO\"><a href=\"https:\/\/www.risksint.com\/en\/risks-international\/programa-de-transparencia-y-etica-publica-de-supertransporte-fomentando-el-acceso-a-la-informacion-ciudadana\/\">Programa de Transparencia y \u00c9tica P\u00fablica de Supertransporte: Fomentando el Acceso a la Informaci\u00f3n Ciudadana<\/a><\/blockquote><iframe class=\"wp-embedded-content\" sandbox=\"allow-scripts\" security=\"restricted\" style=\"position: absolute; visibility: hidden;\" title=\"&#8220;Programa de Transparencia y \u00c9tica P\u00fablica de Supertransporte: Fomentando el Acceso a la Informaci\u00f3n Ciudadana&#8221; &#8212; Expertos en Gesti\u00f3n de Riesgos y Debida Diligencia LAFT - Risks International\" src=\"https:\/\/www.risksint.com\/risks-international\/programa-de-transparencia-y-etica-publica-de-supertransporte-fomentando-el-acceso-a-la-informacion-ciudadana\/embed\/#?secret=AT0yfDtQHB#?secret=EIuLyCPQBO\" data-secret=\"EIuLyCPQBO\" width=\"500\" height=\"282\" frameborder=\"0\" marginwidth=\"0\" marginheight=\"0\" scrolling=\"no\"><\/iframe>\n<\/div><\/figure>","protected":false},"excerpt":{"rendered":"<p>Desde el 1 de septiembre de 2024, el pa\u00eds fue testigo de una serie de protestas lideradas por los transportadores, quienes manifestaron su descontento ante el incremento del precio del ACPM. Estas manifestaciones culminaron en un acuerdo firmado el 6 de septiembre de 2024, en el que participaron el Ministerio de Transporte, la Superintendencia de [&hellip;]<\/p>","protected":false},"author":4,"featured_media":4680,"comment_status":"open","ping_status":"open","sticky":false,"template":"","format":"standard","meta":{"content-type":"","footnotes":""},"categories":[1,22],"tags":[58,47,65,168,154,71,48,63],"class_list":["post-4679","post","type-post","status-publish","format-standard","has-post-thumbnail","hentry","category-risks-international","category-transparencia-y-etica","tag-anticorrupcion","tag-buenas-practicas","tag-etica","tag-gobierno-nacional-de-colombia","tag-sector-transporte","tag-seguridad","tag-sistemas-de-autocontrol","tag-transparencia"],"yoast_head":"<!-- This site is optimized with the Yoast SEO Premium plugin v26.8 (Yoast SEO v26.8) - https:\/\/yoast.com\/product\/yoast-seo-premium-wordpress\/ -->\n<title>Compromiso del Gobierno con el sector del transporte de carga:<\/title>\n<meta name=\"description\" content=\"Este acuerdo es un paso m\u00e1s hacia la estabilidad y el desarrollo sostenible del sector transporte en el pa\u00eds.\" \/>\n<meta name=\"robots\" content=\"index, follow, max-snippet:-1, max-image-preview:large, max-video-preview:-1\" \/>\n<link rel=\"canonical\" href=\"https:\/\/www.risksint.com\/en\/risks-international\/compromiso-del-gobierno-con-el-sector-del-transporte-de-carga-y-pasajeros\/\" \/>\n<meta property=\"og:locale\" content=\"en_US\" \/>\n<meta property=\"og:type\" content=\"article\" \/>\n<meta property=\"og:title\" content=\"Compromiso del Gobierno con el sector del transporte de carga y pasajeros: Risks International Expertos en Gesti\u00f3n de Riesgos y Debida Diligencia LAFT - Risks International %\" \/>\n<meta property=\"og:description\" content=\"Expertos en Gesti\u00f3n de Riesgos y Debida Diligencia LAFT - Risks International Compromiso del Gobierno con el sector del transporte de carga y pasajeros: Risks International\" \/>\n<meta property=\"og:url\" content=\"https:\/\/www.risksint.com\/en\/risks-international\/compromiso-del-gobierno-con-el-sector-del-transporte-de-carga-y-pasajeros\/\" \/>\n<meta property=\"og:site_name\" content=\"Expertos en Gesti\u00f3n de Riesgos y Debida Diligencia LAFT - Risks International\" \/>\n<meta property=\"article:publisher\" content=\"https:\/\/www.facebook.com\/profile.php?id=100063525462320\" \/>\n<meta property=\"article:published_time\" content=\"2024-09-09T16:33:19+00:00\" \/>\n<meta property=\"article:modified_time\" content=\"2024-09-09T16:33:21+00:00\" \/>\n<meta property=\"og:image\" content=\"https:\/\/www.risksint.com\/wp-content\/uploads\/2024\/09\/IMAGEN-ARTICULO-15-min-1.png\" \/>\n\t<meta property=\"og:image:width\" content=\"900\" \/>\n\t<meta property=\"og:image:height\" content=\"400\" \/>\n\t<meta property=\"og:image:type\" content=\"image\/png\" \/>\n<meta name=\"author\" content=\"Luisa Caicedo\" \/>\n<meta name=\"twitter:card\" content=\"summary_large_image\" \/>\n<meta name=\"twitter:creator\" content=\"@risksint\" \/>\n<meta name=\"twitter:site\" content=\"@risksint\" \/>\n<meta name=\"twitter:label1\" content=\"Written by\" \/>\n\t<meta name=\"twitter:data1\" content=\"Luisa Caicedo\" \/>\n\t<meta name=\"twitter:label2\" content=\"Est. reading time\" \/>\n\t<meta name=\"twitter:data2\" content=\"4 minutes\" \/>\n<script type=\"application\/ld+json\" class=\"yoast-schema-graph\">{\"@context\":\"https:\/\/schema.org\",\"@graph\":[{\"@type\":\"NewsArticle\",\"@id\":\"https:\/\/www.risksint.com\/risks-international\/compromiso-del-gobierno-con-el-sector-del-transporte-de-carga-y-pasajeros\/#article\",\"isPartOf\":{\"@id\":\"https:\/\/www.risksint.com\/risks-international\/compromiso-del-gobierno-con-el-sector-del-transporte-de-carga-y-pasajeros\/\"},\"author\":{\"name\":\"Luisa Caicedo\",\"@id\":\"https:\/\/www.risksint.com\/#\/schema\/person\/1518c7d57f05ad7ae8ae8e4a52839676\"},\"headline\":\"Compromiso del Gobierno con el sector del transporte de carga y pasajeros:\",\"datePublished\":\"2024-09-09T16:33:19+00:00\",\"dateModified\":\"2024-09-09T16:33:21+00:00\",\"mainEntityOfPage\":{\"@id\":\"https:\/\/www.risksint.com\/risks-international\/compromiso-del-gobierno-con-el-sector-del-transporte-de-carga-y-pasajeros\/\"},\"wordCount\":753,\"commentCount\":0,\"publisher\":{\"@id\":\"https:\/\/www.risksint.com\/#organization\"},\"image\":{\"@id\":\"https:\/\/www.risksint.com\/risks-international\/compromiso-del-gobierno-con-el-sector-del-transporte-de-carga-y-pasajeros\/#primaryimage\"},\"thumbnailUrl\":\"https:\/\/www.risksint.com\/wp-content\/uploads\/2024\/09\/IMAGEN-ARTICULO-15-min-1.png\",\"keywords\":[\"AntiCorrupci\u00f3n\",\"Buenas pr\u00e1cticas\",\"\u00c9tica\",\"Gobierno Nacional de Colombia\",\"Sector transporte\",\"Seguridad\",\"Sistemas de autocontrol\",\"Transparencia\"],\"articleSection\":[\"Risks International\",\"Transparencia y Etica\"],\"inLanguage\":\"en-US\",\"potentialAction\":[{\"@type\":\"CommentAction\",\"name\":\"Comment\",\"target\":[\"https:\/\/www.risksint.com\/risks-international\/compromiso-del-gobierno-con-el-sector-del-transporte-de-carga-y-pasajeros\/#respond\"]}],\"copyrightYear\":\"2024\",\"copyrightHolder\":{\"@id\":\"https:\/\/www.risksint.com\/en\/#organization\"}},{\"@type\":[\"WebPage\",\"ItemPage\"],\"@id\":\"https:\/\/www.risksint.com\/risks-international\/compromiso-del-gobierno-con-el-sector-del-transporte-de-carga-y-pasajeros\/\",\"url\":\"https:\/\/www.risksint.com\/risks-international\/compromiso-del-gobierno-con-el-sector-del-transporte-de-carga-y-pasajeros\/\",\"name\":\"Compromiso del Gobierno con el sector del transporte de carga:\",\"isPartOf\":{\"@id\":\"https:\/\/www.risksint.com\/#website\"},\"primaryImageOfPage\":{\"@id\":\"https:\/\/www.risksint.com\/risks-international\/compromiso-del-gobierno-con-el-sector-del-transporte-de-carga-y-pasajeros\/#primaryimage\"},\"image\":{\"@id\":\"https:\/\/www.risksint.com\/risks-international\/compromiso-del-gobierno-con-el-sector-del-transporte-de-carga-y-pasajeros\/#primaryimage\"},\"thumbnailUrl\":\"https:\/\/www.risksint.com\/wp-content\/uploads\/2024\/09\/IMAGEN-ARTICULO-15-min-1.png\",\"datePublished\":\"2024-09-09T16:33:19+00:00\",\"dateModified\":\"2024-09-09T16:33:21+00:00\",\"description\":\"Este acuerdo es un paso m\u00e1s hacia la estabilidad y el desarrollo sostenible del sector transporte en el pa\u00eds.\",\"breadcrumb\":{\"@id\":\"https:\/\/www.risksint.com\/risks-international\/compromiso-del-gobierno-con-el-sector-del-transporte-de-carga-y-pasajeros\/#breadcrumb\"},\"inLanguage\":\"en-US\",\"potentialAction\":[{\"@type\":\"ReadAction\",\"target\":[\"https:\/\/www.risksint.com\/risks-international\/compromiso-del-gobierno-con-el-sector-del-transporte-de-carga-y-pasajeros\/\"]}]},{\"@type\":\"ImageObject\",\"inLanguage\":\"en-US\",\"@id\":\"https:\/\/www.risksint.com\/risks-international\/compromiso-del-gobierno-con-el-sector-del-transporte-de-carga-y-pasajeros\/#primaryimage\",\"url\":\"https:\/\/www.risksint.com\/wp-content\/uploads\/2024\/09\/IMAGEN-ARTICULO-15-min-1.png\",\"contentUrl\":\"https:\/\/www.risksint.com\/wp-content\/uploads\/2024\/09\/IMAGEN-ARTICULO-15-min-1.png\",\"width\":900,\"height\":400,\"caption\":\"Acta de compromiso sector del transporte\"},{\"@type\":\"BreadcrumbList\",\"@id\":\"https:\/\/www.risksint.com\/risks-international\/compromiso-del-gobierno-con-el-sector-del-transporte-de-carga-y-pasajeros\/#breadcrumb\",\"itemListElement\":[{\"@type\":\"ListItem\",\"position\":1,\"name\":\"Home\",\"item\":\"https:\/\/www.risksint.com\/\"},{\"@type\":\"ListItem\",\"position\":2,\"name\":\"Risks International\",\"item\":\"https:\/\/www.risksint.com\/category\/risks-international\/\"},{\"@type\":\"ListItem\",\"position\":3,\"name\":\"Compromiso del Gobierno con el sector del transporte de carga y pasajeros:\"}]},{\"@type\":\"WebSite\",\"@id\":\"https:\/\/www.risksint.com\/#website\",\"url\":\"https:\/\/www.risksint.com\/\",\"name\":\"Gesti\u00f3n de Riesgos y Debida Diligencia LAFT | Listas Restrictivas y vinculantes PEP y noticias LAFT\",\"description\":\"Gesti\u00f3n de Riesgos y Debida Diligencia LAFT Soluciones en Tecnolog\u00eda y Consultor\u00eda para el Cumplimiento Normativo y la Gesti\u00f3n de Riesgos LAFT y AntiSoborno\",\"publisher\":{\"@id\":\"https:\/\/www.risksint.com\/#organization\"},\"alternateName\":\"Risks International - Consultoria y Tecnolog\u00eda para cumplir con SARLAFT - SAGRILAFT - PTEE\",\"potentialAction\":[{\"@type\":\"SearchAction\",\"target\":{\"@type\":\"EntryPoint\",\"urlTemplate\":\"https:\/\/www.risksint.com\/?s={search_term_string}\"},\"query-input\":{\"@type\":\"PropertyValueSpecification\",\"valueRequired\":true,\"valueName\":\"search_term_string\"}}],\"inLanguage\":\"en-US\"},{\"@type\":[\"Organization\",\"Place\"],\"@id\":\"https:\/\/www.risksint.com\/#organization\",\"name\":\"RISKS INTERNATIONAL COMPLIANCE\",\"alternateName\":\"Gesti\u00f3n de Riesgos y Debida Diligencia AML y KYC\",\"url\":\"https:\/\/www.risksint.com\/\",\"logo\":{\"@id\":\"https:\/\/www.risksint.com\/risks-international\/compromiso-del-gobierno-con-el-sector-del-transporte-de-carga-y-pasajeros\/#local-main-organization-logo\"},\"image\":{\"@id\":\"https:\/\/www.risksint.com\/risks-international\/compromiso-del-gobierno-con-el-sector-del-transporte-de-carga-y-pasajeros\/#local-main-organization-logo\"},\"sameAs\":[\"https:\/\/www.facebook.com\/profile.php?id=100063525462320\",\"https:\/\/x.com\/risksint\",\"https:\/\/www.linkedin.com\/company\/risks-international\/\",\"https:\/\/www.youtube.com\/@risksinternational7379\"],\"telephone\":[],\"openingHoursSpecification\":[{\"@type\":\"OpeningHoursSpecification\",\"dayOfWeek\":[\"Monday\",\"Tuesday\",\"Wednesday\",\"Thursday\",\"Friday\",\"Saturday\",\"Sunday\"],\"opens\":\"09:00\",\"closes\":\"17:00\"}]},{\"@type\":\"Person\",\"@id\":\"https:\/\/www.risksint.com\/#\/schema\/person\/1518c7d57f05ad7ae8ae8e4a52839676\",\"name\":\"Luisa Caicedo\",\"image\":{\"@type\":\"ImageObject\",\"inLanguage\":\"en-US\",\"@id\":\"https:\/\/www.risksint.com\/#\/schema\/person\/image\/\",\"url\":\"https:\/\/www.risksint.com\/wp-content\/litespeed\/avatar\/ac3b8838abe4e299d4d85b0b759eb518.jpg?ver=1776909882\",\"contentUrl\":\"https:\/\/www.risksint.com\/wp-content\/litespeed\/avatar\/ac3b8838abe4e299d4d85b0b759eb518.jpg?ver=1776909882\",\"caption\":\"Luisa Caicedo\"}},{\"@type\":\"ImageObject\",\"inLanguage\":\"en-US\",\"@id\":\"https:\/\/www.risksint.com\/risks-international\/compromiso-del-gobierno-con-el-sector-del-transporte-de-carga-y-pasajeros\/#local-main-organization-logo\",\"url\":\"https:\/\/www.risksint.com\/wp-content\/uploads\/2024\/02\/risks-international-logo.png\",\"contentUrl\":\"https:\/\/www.risksint.com\/wp-content\/uploads\/2024\/02\/risks-international-logo.png\",\"width\":300,\"height\":231,\"caption\":\"RISKS INTERNATIONAL COMPLIANCE\"}]}<\/script>\n<!-- \/ Yoast SEO Premium plugin. -->","yoast_head_json":{"title":"Compromiso del Gobierno con el sector del transporte de carga:","description":"Este acuerdo es un paso m\u00e1s hacia la estabilidad y el desarrollo sostenible del sector transporte en el pa\u00eds.","robots":{"index":"index","follow":"follow","max-snippet":"max-snippet:-1","max-image-preview":"max-image-preview:large","max-video-preview":"max-video-preview:-1"},"canonical":"https:\/\/www.risksint.com\/en\/risks-international\/compromiso-del-gobierno-con-el-sector-del-transporte-de-carga-y-pasajeros\/","og_locale":"en_US","og_type":"article","og_title":"Compromiso del Gobierno con el sector del transporte de carga y pasajeros: Risks International Expertos en Gesti\u00f3n de Riesgos y Debida Diligencia LAFT - Risks International %","og_description":"Expertos en Gesti\u00f3n de Riesgos y Debida Diligencia LAFT - Risks International Compromiso del Gobierno con el sector del transporte de carga y pasajeros: Risks International","og_url":"https:\/\/www.risksint.com\/en\/risks-international\/compromiso-del-gobierno-con-el-sector-del-transporte-de-carga-y-pasajeros\/","og_site_name":"Expertos en Gesti\u00f3n de Riesgos y Debida Diligencia LAFT - Risks International","article_publisher":"https:\/\/www.facebook.com\/profile.php?id=100063525462320","article_published_time":"2024-09-09T16:33:19+00:00","article_modified_time":"2024-09-09T16:33:21+00:00","og_image":[{"width":900,"height":400,"url":"https:\/\/www.risksint.com\/wp-content\/uploads\/2024\/09\/IMAGEN-ARTICULO-15-min-1.png","type":"image\/png"}],"author":"Luisa Caicedo","twitter_card":"summary_large_image","twitter_creator":"@risksint","twitter_site":"@risksint","twitter_misc":{"Written by":"Luisa Caicedo","Est. reading time":"4 minutes"},"schema":{"@context":"https:\/\/schema.org","@graph":[{"@type":"NewsArticle","@id":"https:\/\/www.risksint.com\/risks-international\/compromiso-del-gobierno-con-el-sector-del-transporte-de-carga-y-pasajeros\/#article","isPartOf":{"@id":"https:\/\/www.risksint.com\/risks-international\/compromiso-del-gobierno-con-el-sector-del-transporte-de-carga-y-pasajeros\/"},"author":{"name":"Luisa Caicedo","@id":"https:\/\/www.risksint.com\/#\/schema\/person\/1518c7d57f05ad7ae8ae8e4a52839676"},"headline":"Compromiso del Gobierno con el sector del transporte de carga y pasajeros:","datePublished":"2024-09-09T16:33:19+00:00","dateModified":"2024-09-09T16:33:21+00:00","mainEntityOfPage":{"@id":"https:\/\/www.risksint.com\/risks-international\/compromiso-del-gobierno-con-el-sector-del-transporte-de-carga-y-pasajeros\/"},"wordCount":753,"commentCount":0,"publisher":{"@id":"https:\/\/www.risksint.com\/#organization"},"image":{"@id":"https:\/\/www.risksint.com\/risks-international\/compromiso-del-gobierno-con-el-sector-del-transporte-de-carga-y-pasajeros\/#primaryimage"},"thumbnailUrl":"https:\/\/www.risksint.com\/wp-content\/uploads\/2024\/09\/IMAGEN-ARTICULO-15-min-1.png","keywords":["AntiCorrupci\u00f3n","Buenas pr\u00e1cticas","\u00c9tica","Gobierno Nacional de Colombia","Sector transporte","Seguridad","Sistemas de autocontrol","Transparencia"],"articleSection":["Risks International","Transparencia y Etica"],"inLanguage":"en-US","potentialAction":[{"@type":"CommentAction","name":"Comment","target":["https:\/\/www.risksint.com\/risks-international\/compromiso-del-gobierno-con-el-sector-del-transporte-de-carga-y-pasajeros\/#respond"]}],"copyrightYear":"2024","copyrightHolder":{"@id":"https:\/\/www.risksint.com\/en\/#organization"}},{"@type":["WebPage","ItemPage"],"@id":"https:\/\/www.risksint.com\/risks-international\/compromiso-del-gobierno-con-el-sector-del-transporte-de-carga-y-pasajeros\/","url":"https:\/\/www.risksint.com\/risks-international\/compromiso-del-gobierno-con-el-sector-del-transporte-de-carga-y-pasajeros\/","name":"Compromiso del Gobierno con el sector del transporte de carga:","isPartOf":{"@id":"https:\/\/www.risksint.com\/#website"},"primaryImageOfPage":{"@id":"https:\/\/www.risksint.com\/risks-international\/compromiso-del-gobierno-con-el-sector-del-transporte-de-carga-y-pasajeros\/#primaryimage"},"image":{"@id":"https:\/\/www.risksint.com\/risks-international\/compromiso-del-gobierno-con-el-sector-del-transporte-de-carga-y-pasajeros\/#primaryimage"},"thumbnailUrl":"https:\/\/www.risksint.com\/wp-content\/uploads\/2024\/09\/IMAGEN-ARTICULO-15-min-1.png","datePublished":"2024-09-09T16:33:19+00:00","dateModified":"2024-09-09T16:33:21+00:00","description":"Este acuerdo es un paso m\u00e1s hacia la estabilidad y el desarrollo sostenible del sector transporte en el pa\u00eds.","breadcrumb":{"@id":"https:\/\/www.risksint.com\/risks-international\/compromiso-del-gobierno-con-el-sector-del-transporte-de-carga-y-pasajeros\/#breadcrumb"},"inLanguage":"en-US","potentialAction":[{"@type":"ReadAction","target":["https:\/\/www.risksint.com\/risks-international\/compromiso-del-gobierno-con-el-sector-del-transporte-de-carga-y-pasajeros\/"]}]},{"@type":"ImageObject","inLanguage":"en-US","@id":"https:\/\/www.risksint.com\/risks-international\/compromiso-del-gobierno-con-el-sector-del-transporte-de-carga-y-pasajeros\/#primaryimage","url":"https:\/\/www.risksint.com\/wp-content\/uploads\/2024\/09\/IMAGEN-ARTICULO-15-min-1.png","contentUrl":"https:\/\/www.risksint.com\/wp-content\/uploads\/2024\/09\/IMAGEN-ARTICULO-15-min-1.png","width":900,"height":400,"caption":"Acta de compromiso sector del transporte"},{"@type":"BreadcrumbList","@id":"https:\/\/www.risksint.com\/risks-international\/compromiso-del-gobierno-con-el-sector-del-transporte-de-carga-y-pasajeros\/#breadcrumb","itemListElement":[{"@type":"ListItem","position":1,"name":"Home","item":"https:\/\/www.risksint.com\/"},{"@type":"ListItem","position":2,"name":"Risks International","item":"https:\/\/www.risksint.com\/category\/risks-international\/"},{"@type":"ListItem","position":3,"name":"Compromiso del Gobierno con el sector del transporte de carga y pasajeros:"}]},{"@type":"WebSite","@id":"https:\/\/www.risksint.com\/#website","url":"https:\/\/www.risksint.com\/","name":"Gesti\u00f3n de Riesgos y Debida Diligencia LAFT | Listas Restrictivas y vinculantes PEP y noticias LAFT","description":"Risk management and Due Diligence LAFT Technology Solutions and Consulting services for Regulatory Compliance, and Risk Management LAFT and anti-Bribery","publisher":{"@id":"https:\/\/www.risksint.com\/#organization"},"alternateName":"Risks International - Consultoria y Tecnolog\u00eda para cumplir con SARLAFT - SAGRILAFT - PTEE","potentialAction":[{"@type":"SearchAction","target":{"@type":"EntryPoint","urlTemplate":"https:\/\/www.risksint.com\/?s={search_term_string}"},"query-input":{"@type":"PropertyValueSpecification","valueRequired":true,"valueName":"search_term_string"}}],"inLanguage":"en-US"},{"@type":["Organization","Place"],"@id":"https:\/\/www.risksint.com\/#organization","name":"RISKS INTERNATIONAL COMPLIANCE","alternateName":"Gesti\u00f3n de Riesgos y Debida Diligencia AML y KYC","url":"https:\/\/www.risksint.com\/","logo":{"@id":"https:\/\/www.risksint.com\/risks-international\/compromiso-del-gobierno-con-el-sector-del-transporte-de-carga-y-pasajeros\/#local-main-organization-logo"},"image":{"@id":"https:\/\/www.risksint.com\/risks-international\/compromiso-del-gobierno-con-el-sector-del-transporte-de-carga-y-pasajeros\/#local-main-organization-logo"},"sameAs":["https:\/\/www.facebook.com\/profile.php?id=100063525462320","https:\/\/x.com\/risksint","https:\/\/www.linkedin.com\/company\/risks-international\/","https:\/\/www.youtube.com\/@risksinternational7379"],"telephone":[],"openingHoursSpecification":[{"@type":"OpeningHoursSpecification","dayOfWeek":["Monday","Tuesday","Wednesday","Thursday","Friday","Saturday","Sunday"],"opens":"09:00","closes":"17:00"}]},{"@type":"Person","@id":"https:\/\/www.risksint.com\/#\/schema\/person\/1518c7d57f05ad7ae8ae8e4a52839676","name":"Luisa Caicedo","image":{"@type":"ImageObject","inLanguage":"en-US","@id":"https:\/\/www.risksint.com\/#\/schema\/person\/image\/","url":"https:\/\/www.risksint.com\/wp-content\/litespeed\/avatar\/ac3b8838abe4e299d4d85b0b759eb518.jpg?ver=1776909882","contentUrl":"https:\/\/www.risksint.com\/wp-content\/litespeed\/avatar\/ac3b8838abe4e299d4d85b0b759eb518.jpg?ver=1776909882","caption":"Luisa Caicedo"}},{"@type":"ImageObject","inLanguage":"en-US","@id":"https:\/\/www.risksint.com\/risks-international\/compromiso-del-gobierno-con-el-sector-del-transporte-de-carga-y-pasajeros\/#local-main-organization-logo","url":"https:\/\/www.risksint.com\/wp-content\/uploads\/2024\/02\/risks-international-logo.png","contentUrl":"https:\/\/www.risksint.com\/wp-content\/uploads\/2024\/02\/risks-international-logo.png","width":300,"height":231,"caption":"RISKS INTERNATIONAL COMPLIANCE"}]}},"_links":{"self":[{"href":"https:\/\/www.risksint.com\/en\/wp-json\/wp\/v2\/posts\/4679","targetHints":{"allow":["GET"]}}],"collection":[{"href":"https:\/\/www.risksint.com\/en\/wp-json\/wp\/v2\/posts"}],"about":[{"href":"https:\/\/www.risksint.com\/en\/wp-json\/wp\/v2\/types\/post"}],"author":[{"embeddable":true,"href":"https:\/\/www.risksint.com\/en\/wp-json\/wp\/v2\/users\/4"}],"replies":[{"embeddable":true,"href":"https:\/\/www.risksint.com\/en\/wp-json\/wp\/v2\/comments?post=4679"}],"version-history":[{"count":0,"href":"https:\/\/www.risksint.com\/en\/wp-json\/wp\/v2\/posts\/4679\/revisions"}],"wp:featuredmedia":[{"embeddable":true,"href":"https:\/\/www.risksint.com\/en\/wp-json\/wp\/v2\/media\/4680"}],"wp:attachment":[{"href":"https:\/\/www.risksint.com\/en\/wp-json\/wp\/v2\/media?parent=4679"}],"wp:term":[{"taxonomy":"category","embeddable":true,"href":"https:\/\/www.risksint.com\/en\/wp-json\/wp\/v2\/categories?post=4679"},{"taxonomy":"post_tag","embeddable":true,"href":"https:\/\/www.risksint.com\/en\/wp-json\/wp\/v2\/tags?post=4679"}],"curies":[{"name":"wp","href":"https:\/\/api.w.org\/{rel}","templated":true}]}}